{"id":4995,"date":"2021-10-27T21:19:52","date_gmt":"2021-10-27T19:19:52","guid":{"rendered":"https:\/\/www.sptomice.pl\/?p=4995"},"modified":"2021-10-27T21:29:31","modified_gmt":"2021-10-27T19:29:31","slug":"warsztaty-plastyczne-historia-zamknieta-w-muralu","status":"publish","type":"post","link":"https:\/\/www.sptomice.pl\/index.php\/2021\/10\/27\/warsztaty-plastyczne-historia-zamknieta-w-muralu\/","title":{"rendered":"Warsztaty plastyczne &#8211;  ?Historia zamkni\u0119ta w muralu?"},"content":{"rendered":"\n<p style=\"text-align: justify;\">We wrze\u015bniu i pa\u017adzierniku zgodnie z \u00a0zaplanowanymi dzia\u0142aniami projektowymi uczniowie klas III ? VIII\u00a0 posiadaj\u0105cy\u00a0\u00a0 talenty plastyczne, wzi\u0119li udzia\u0142 w warsztatach artystycznych. Najpierw dwukrotnie odbywa\u0142y si\u0119 spotkania z pani\u0105 Ma\u0142gorzat\u0105 W\u0105siewicz ? nauczycielem plastyki, potem zaj\u0119cia z uczniami (07.10.2021r.) przeprowadzi\u0142 pan Jaros\u0142aw Czy\u017c, artysta specjalizuj\u0105cy si\u0119 w tworzeniu murali. Celem tych warsztat\u00f3w\u00a0 by\u0142o poszerzenie zainteresowa\u0144 sztuk\u0105 oraz wzbogacenie warsztatu\u00a0 pracy uczni\u00f3w. Opr\u00f3cz zdobycia nowych umiej\u0119tno\u015bci uczestnicy zaj\u0119\u0107 \u00a0zapoznali si\u0119 z histori\u0105 tworzenia obraz\u00f3w na \u015bcianach, a nast\u0119pnie z technik\u0105 ich wykonywania. Podczas warsztat\u00f3w mieli te\u017c mo\u017cliwo\u015b\u0107, pod czujnym okiem artysty, samodzielnego zaprojektowania i wykonania prac plastycznych. Podsumowaniem tych ciekawych spotka\u0144 by\u0142a\u00a0 wystawa prac, kt\u00f3r\u0105 mogli podziwia\u0107 wszyscy uczniowie naszej szko\u0142y, a tak\u017ce namalowanie przez artyst\u0119 Jaros\u0142awa Czy\u017ca muralu, upami\u0119tniaj\u0105cego obron\u0119 twierdzy Tobruk &#8211; wydarzenia sprzed 80. lat.\u00a0 Malowid\u0142o zosta\u0142o wykonane na \u015bcianie budynku szko\u0142y. W projektowaniu muralu wzi\u0119li udzia\u0142 uczniowie, kt\u00f3rzy przyst\u0105pili do konkursu pt. ?Historia zamkni\u0119ta w muralu?.<\/p>\n<p><a href=\"https:\/\/www.sptomice.pl\/index.php\/informacje\/\" target=\"_blank\" rel=\"noopener\"><span style=\"font-size: 28px;\"><strong>zdj\u0119cia<\/strong><\/span><\/a><\/p>\n<p><img loading=\"lazy\" decoding=\"async\" class=\"aligncenter wp-image-4913 size-large\" src=\"https:\/\/www.sptomice.pl\/wp-content\/uploads\/2021\/10\/logo-projekt-1600x416.jpg\" alt=\"\" width=\"1200\" height=\"312\" srcset=\"https:\/\/www.sptomice.pl\/wp-content\/uploads\/2021\/10\/logo-projekt-1600x416.jpg 1600w, https:\/\/www.sptomice.pl\/wp-content\/uploads\/2021\/10\/logo-projekt-300x78.jpg 300w, https:\/\/www.sptomice.pl\/wp-content\/uploads\/2021\/10\/logo-projekt-768x200.jpg 768w, https:\/\/www.sptomice.pl\/wp-content\/uploads\/2021\/10\/logo-projekt-1536x399.jpg 1536w, https:\/\/www.sptomice.pl\/wp-content\/uploads\/2021\/10\/logo-projekt.jpg 2005w\" sizes=\"auto, (max-width: 1200px) 100vw, 1200px\" \/><\/p>\n<p>\u00a0<\/p>\n","protected":false},"excerpt":{"rendered":"<p>We wrze\u015bniu i pa\u017adzierniku zgodnie z \u00a0zaplanowanymi dzia\u0142aniami projektowymi uczniowie klas III ? VIII\u00a0 posiadaj\u0105cy\u00a0\u00a0 talenty plastyczne, wzi\u0119li udzia\u0142 w warsztatach artystycznych. Najpierw dwukrotnie odbywa\u0142y si\u0119 spotkania z pani\u0105 Ma\u0142gorzat\u0105 W\u0105siewicz ? nauczycielem plastyki, potem zaj\u0119cia z uczniami (07.10.2021r.) przeprowadzi\u0142 <span class=\"excerpt-dots\">&hellip;<\/span> <a class=\"more-link\" href=\"https:\/\/www.sptomice.pl\/index.php\/2021\/10\/27\/warsztaty-plastyczne-historia-zamknieta-w-muralu\/\"><span class=\"more-msg\">Czytaj dalej &rarr;<\/span><\/a><\/p>\n","protected":false},"author":1,"featured_media":0,"comment_status":"closed","ping_status":"closed","sticky":false,"template":"","format":"standard","meta":{"_jetpack_memberships_contains_paid_content":false,"footnotes":""},"categories":[1,40,45,29],"tags":[],"class_list":["post-4995","post","type-post","status-publish","format-standard","hentry","category-bez-kategorii","category-biezace-wydarzenia","category-informacje","category-projekty-innowacje"],"jetpack_featured_media_url":"","jetpack_sharing_enabled":true,"_links":{"self":[{"href":"https:\/\/www.sptomice.pl\/index.php\/wp-json\/wp\/v2\/posts\/4995","targetHints":{"allow":["GET"]}}],"collection":[{"href":"https:\/\/www.sptomice.pl\/index.php\/wp-json\/wp\/v2\/posts"}],"about":[{"href":"https:\/\/www.sptomice.pl\/index.php\/wp-json\/wp\/v2\/types\/post"}],"author":[{"embeddable":true,"href":"https:\/\/www.sptomice.pl\/index.php\/wp-json\/wp\/v2\/users\/1"}],"replies":[{"embeddable":true,"href":"https:\/\/www.sptomice.pl\/index.php\/wp-json\/wp\/v2\/comments?post=4995"}],"version-history":[{"count":3,"href":"https:\/\/www.sptomice.pl\/index.php\/wp-json\/wp\/v2\/posts\/4995\/revisions"}],"predecessor-version":[{"id":4999,"href":"https:\/\/www.sptomice.pl\/index.php\/wp-json\/wp\/v2\/posts\/4995\/revisions\/4999"}],"wp:attachment":[{"href":"https:\/\/www.sptomice.pl\/index.php\/wp-json\/wp\/v2\/media?parent=4995"}],"wp:term":[{"taxonomy":"category","embeddable":true,"href":"https:\/\/www.sptomice.pl\/index.php\/wp-json\/wp\/v2\/categories?post=4995"},{"taxonomy":"post_tag","embeddable":true,"href":"https:\/\/www.sptomice.pl\/index.php\/wp-json\/wp\/v2\/tags?post=4995"}],"curies":[{"name":"wp","href":"https:\/\/api.w.org\/{rel}","templated":true}]}}