{"id":4466,"date":"2021-03-27T18:18:40","date_gmt":"2021-03-27T17:18:40","guid":{"rendered":"https:\/\/www.sptomice.pl\/?p=4466"},"modified":"2021-03-27T18:30:46","modified_gmt":"2021-03-27T17:30:46","slug":"wielkanoc-2021","status":"publish","type":"post","link":"https:\/\/www.sptomice.pl\/index.php\/2021\/03\/27\/wielkanoc-2021\/","title":{"rendered":"Wielkanoc 2021"},"content":{"rendered":"\n<p><\/p>\n\n\n\n<p>Zgodnie z wieloletni\u0105 tradycj\u0105, tu\u017c przed \u015bwi\u0119tami wielkanocnymi odby\u0142 si\u0119 w naszej szkole ?Poranek Wielkanocny?. Tym razem uczniowie klasy 0 przy wsparciu dw\u00f3jki uczni\u00f3w z klasy III przygotowali monta\u017c s\u0142owno-muzyczny zatytu\u0142owany ?Zmartwychwsta\u0142 Jezus nasz Pan?.<br \/>M\u0142odzi aktorzy wspaniale wprowadzili nas w atmosfer\u0119 \u015bwi\u0105t Wielkiej Nocy, czasu wyciszenia i zadumy oraz rado\u015bci ze Zmartwychwstania Pana Jezusa. Bardzo im za to dzi\u0119kujemy i \u017cyczymy Wszystkim wiele rado\u015bci i dobra.<br \/>Niech Ten, kt\u00f3ry powsta\u0142 z grobu,<br \/>Wzmocni wiar\u0119, rozpali mi\u0142o\u015b\u0107,<br \/>Niech stanie si\u0119 \u017ar\u00f3d\u0142em pokoju, zrozumienia i szacunku.<\/p>\n<p><a href=\"https:\/\/www.sptomice.pl\/wp-content\/uploads\/2021\/03\/wielkanoc-20-21-przedszkola-4.jpg\"><img loading=\"lazy\" decoding=\"async\" class=\"alignnone size-medium wp-image-4553\" src=\"https:\/\/www.sptomice.pl\/wp-content\/uploads\/2021\/03\/wielkanoc-20-21-przedszkola-4-300x224.jpg\" alt=\"\" width=\"300\" height=\"224\" srcset=\"https:\/\/www.sptomice.pl\/wp-content\/uploads\/2021\/03\/wielkanoc-20-21-przedszkola-4-300x224.jpg 300w, https:\/\/www.sptomice.pl\/wp-content\/uploads\/2021\/03\/wielkanoc-20-21-przedszkola-4-768x575.jpg 768w, https:\/\/www.sptomice.pl\/wp-content\/uploads\/2021\/03\/wielkanoc-20-21-przedszkola-4-1536x1149.jpg 1536w, https:\/\/www.sptomice.pl\/wp-content\/uploads\/2021\/03\/wielkanoc-20-21-przedszkola-4.jpg 1600w\" sizes=\"auto, (max-width: 300px) 100vw, 300px\" \/><\/a> <a href=\"https:\/\/www.sptomice.pl\/wp-content\/uploads\/2021\/03\/wielkanoc-20-21-przedszkola-3.jpg\"><img loading=\"lazy\" decoding=\"async\" class=\"alignnone size-medium wp-image-4552\" src=\"https:\/\/www.sptomice.pl\/wp-content\/uploads\/2021\/03\/wielkanoc-20-21-przedszkola-3-300x224.jpg\" alt=\"\" width=\"300\" height=\"224\" srcset=\"https:\/\/www.sptomice.pl\/wp-content\/uploads\/2021\/03\/wielkanoc-20-21-przedszkola-3-300x224.jpg 300w, https:\/\/www.sptomice.pl\/wp-content\/uploads\/2021\/03\/wielkanoc-20-21-przedszkola-3-768x575.jpg 768w, https:\/\/www.sptomice.pl\/wp-content\/uploads\/2021\/03\/wielkanoc-20-21-przedszkola-3-1536x1149.jpg 1536w, https:\/\/www.sptomice.pl\/wp-content\/uploads\/2021\/03\/wielkanoc-20-21-przedszkola-3.jpg 1600w\" sizes=\"auto, (max-width: 300px) 100vw, 300px\" \/><\/a> <a href=\"https:\/\/www.sptomice.pl\/wp-content\/uploads\/2021\/03\/wielkanoc-20-21-przedszkola-2.jpg\"><img loading=\"lazy\" decoding=\"async\" class=\"alignnone size-medium wp-image-4551\" src=\"https:\/\/www.sptomice.pl\/wp-content\/uploads\/2021\/03\/wielkanoc-20-21-przedszkola-2-300x224.jpg\" alt=\"\" width=\"300\" height=\"224\" srcset=\"https:\/\/www.sptomice.pl\/wp-content\/uploads\/2021\/03\/wielkanoc-20-21-przedszkola-2-300x224.jpg 300w, https:\/\/www.sptomice.pl\/wp-content\/uploads\/2021\/03\/wielkanoc-20-21-przedszkola-2-768x575.jpg 768w, https:\/\/www.sptomice.pl\/wp-content\/uploads\/2021\/03\/wielkanoc-20-21-przedszkola-2-1536x1149.jpg 1536w, https:\/\/www.sptomice.pl\/wp-content\/uploads\/2021\/03\/wielkanoc-20-21-przedszkola-2.jpg 1600w\" sizes=\"auto, (max-width: 300px) 100vw, 300px\" \/><\/a> <a href=\"https:\/\/www.sptomice.pl\/wp-content\/uploads\/2021\/03\/wielkanoc-20-21-przedszkola-1.jpg\"><img loading=\"lazy\" decoding=\"async\" class=\"alignnone size-medium wp-image-4550\" src=\"https:\/\/www.sptomice.pl\/wp-content\/uploads\/2021\/03\/wielkanoc-20-21-przedszkola-1-300x224.jpg\" alt=\"\" width=\"300\" height=\"224\" srcset=\"https:\/\/www.sptomice.pl\/wp-content\/uploads\/2021\/03\/wielkanoc-20-21-przedszkola-1-300x224.jpg 300w, https:\/\/www.sptomice.pl\/wp-content\/uploads\/2021\/03\/wielkanoc-20-21-przedszkola-1-768x575.jpg 768w, https:\/\/www.sptomice.pl\/wp-content\/uploads\/2021\/03\/wielkanoc-20-21-przedszkola-1-1536x1149.jpg 1536w, https:\/\/www.sptomice.pl\/wp-content\/uploads\/2021\/03\/wielkanoc-20-21-przedszkola-1.jpg 1600w\" sizes=\"auto, (max-width: 300px) 100vw, 300px\" \/><\/a><\/p>\n<div style=\"width: 640px;\" class=\"wp-video\"><!--[if lt IE 9]><script>document.createElement('video');<\/script><![endif]-->\n<video class=\"wp-video-shortcode\" id=\"video-4466-1\" width=\"640\" height=\"360\" preload=\"metadata\" controls=\"controls\"><source type=\"video\/mp4\" src=\"https:\/\/www.sptomice.pl\/wp-content\/uploads\/2021\/03\/Wielkanoc-20-21-przedszkola.mp4?_=1\" \/><a href=\"https:\/\/www.sptomice.pl\/wp-content\/uploads\/2021\/03\/Wielkanoc-20-21-przedszkola.mp4\">https:\/\/www.sptomice.pl\/wp-content\/uploads\/2021\/03\/Wielkanoc-20-21-przedszkola.mp4<\/a><\/video><\/div>\n","protected":false},"excerpt":{"rendered":"<p>Zgodnie z wieloletni\u0105 tradycj\u0105, tu\u017c przed \u015bwi\u0119tami wielkanocnymi odby\u0142 si\u0119 w naszej szkole ?Poranek Wielkanocny?. Tym razem uczniowie klasy 0 przy wsparciu dw\u00f3jki uczni\u00f3w z klasy III przygotowali monta\u017c s\u0142owno-muzyczny zatytu\u0142owany ?Zmartwychwsta\u0142 Jezus nasz Pan?.M\u0142odzi aktorzy wspaniale wprowadzili nas w <span class=\"excerpt-dots\">&hellip;<\/span> <a class=\"more-link\" href=\"https:\/\/www.sptomice.pl\/index.php\/2021\/03\/27\/wielkanoc-2021\/\"><span class=\"more-msg\">Czytaj dalej &rarr;<\/span><\/a><\/p>\n","protected":false},"author":1,"featured_media":0,"comment_status":"closed","ping_status":"closed","sticky":false,"template":"","format":"standard","meta":{"_jetpack_memberships_contains_paid_content":false,"footnotes":""},"categories":[1,15,4],"tags":[],"class_list":["post-4466","post","type-post","status-publish","format-standard","hentry","category-bez-kategorii","category-przedszkole","category-uroczystosci"],"jetpack_featured_media_url":"","jetpack_sharing_enabled":true,"_links":{"self":[{"href":"https:\/\/www.sptomice.pl\/index.php\/wp-json\/wp\/v2\/posts\/4466","targetHints":{"allow":["GET"]}}],"collection":[{"href":"https:\/\/www.sptomice.pl\/index.php\/wp-json\/wp\/v2\/posts"}],"about":[{"href":"https:\/\/www.sptomice.pl\/index.php\/wp-json\/wp\/v2\/types\/post"}],"author":[{"embeddable":true,"href":"https:\/\/www.sptomice.pl\/index.php\/wp-json\/wp\/v2\/users\/1"}],"replies":[{"embeddable":true,"href":"https:\/\/www.sptomice.pl\/index.php\/wp-json\/wp\/v2\/comments?post=4466"}],"version-history":[{"count":2,"href":"https:\/\/www.sptomice.pl\/index.php\/wp-json\/wp\/v2\/posts\/4466\/revisions"}],"predecessor-version":[{"id":4554,"href":"https:\/\/www.sptomice.pl\/index.php\/wp-json\/wp\/v2\/posts\/4466\/revisions\/4554"}],"wp:attachment":[{"href":"https:\/\/www.sptomice.pl\/index.php\/wp-json\/wp\/v2\/media?parent=4466"}],"wp:term":[{"taxonomy":"category","embeddable":true,"href":"https:\/\/www.sptomice.pl\/index.php\/wp-json\/wp\/v2\/categories?post=4466"},{"taxonomy":"post_tag","embeddable":true,"href":"https:\/\/www.sptomice.pl\/index.php\/wp-json\/wp\/v2\/tags?post=4466"}],"curies":[{"name":"wp","href":"https:\/\/api.w.org\/{rel}","templated":true}]}}