{"id":4275,"date":"2020-10-12T22:45:44","date_gmt":"2020-10-12T20:45:44","guid":{"rendered":"https:\/\/www.sptomice.pl\/?p=4275"},"modified":"2020-10-12T22:45:45","modified_gmt":"2020-10-12T20:45:45","slug":"xx-dzien-papieski","status":"publish","type":"post","link":"https:\/\/www.sptomice.pl\/index.php\/2020\/10\/12\/xx-dzien-papieski\/","title":{"rendered":"XX Dzie\u0144 Papieski"},"content":{"rendered":"\n<p style=\"text-align: justify;\">11 pa\u017adziernika<span data-contrast=\"none\">\u00a02020 r.<\/span><span data-contrast=\"none\">\u00a0obchodzili\u015bmy XX Dzie\u0144 Papieski.<\/span> <span data-contrast=\"none\">W naszej<a href=\"https:\/\/www.sptomice.pl\/wp-content\/uploads\/2020\/10\/dzien-papieski-2020-rotated.jpg\"><img loading=\"lazy\" decoding=\"async\" class=\" wp-image-4274 alignleft\" src=\"https:\/\/www.sptomice.pl\/wp-content\/uploads\/2020\/10\/dzien-papieski-2020-225x300.jpg\" alt=\"\" width=\"174\" height=\"232\" srcset=\"https:\/\/www.sptomice.pl\/wp-content\/uploads\/2020\/10\/dzien-papieski-2020-225x300.jpg 225w, https:\/\/www.sptomice.pl\/wp-content\/uploads\/2020\/10\/dzien-papieski-2020-rotated.jpg 675w\" sizes=\"auto, (max-width: 174px) 100vw, 174px\" \/><\/a> szkole z okazji XX Dnia Papieskiego odby\u0142y si\u0119 katechezy\u00a0po\u015bwi\u0119cone \u015awi\u0119temu\u00a0Papie\u017cowi\u00a0Janowi Paw\u0142owi II\u00a0i Jego wezwaniu\u00a0?<\/span><span data-contrast=\"none\">Totus<\/span><span data-contrast=\"none\">\u00a0<\/span><span data-contrast=\"none\">Tuus<\/span><span data-contrast=\"none\">?.\u00a0Na\u00a0korytarzu szkolnym powsta\u0142a gazetka okoliczno\u015bciowa upami\u0119tniaj\u0105ca\u00a0ten dzie\u0144. Uczniowie i rodzice klasy III, kt\u00f3ra w tym roku przyj\u0119\u0142a I\u00a0Komuni\u0119 \u015awi\u0119t\u0105,\u00a0przygotowali\u00a0opraw\u0119\u00a0liturgii Eucharystycznej z okazji\u00a0Dnia\u00a0Papieskiego, kt\u00f3ra odby\u0142a si\u0119 11.10.2020 r.\u00a0o\u00a0godz. 12.00,\u00a0\u00a0w ko\u015bciele parafialnym w Szymanowicach.<\/span><span data-ccp-props=\"{&quot;201341983&quot;:0,&quot;335551550&quot;:6,&quot;335551620&quot;:6,&quot;335559731&quot;:708,&quot;335559739&quot;:160,&quot;335559740&quot;:259}\">\u00a0<\/span><\/p>\n<p style=\"text-align: justify;\"><span data-contrast=\"none\">Has\u0142o tegorocznego XX Dnia Papieskiego brzmi ?<\/span><span data-contrast=\"none\">Totus<\/span><span data-contrast=\"none\">\u00a0<\/span><span data-contrast=\"none\">Tuus<\/span><span data-contrast=\"none\">?\u00a0<\/span><span data-contrast=\"none\">&#8211; Ca\u0142y Tw\u00f3j Maryjo. S\u0142owa te <\/span><span data-contrast=\"none\">s\u0105<\/span><span data-contrast=\"none\">\u00a0<\/span><span data-contrast=\"none\">\u015bci\u015ble<\/span><span data-contrast=\"none\">\u00a0<\/span><span data-contrast=\"none\">zwi\u0105zane<\/span><span data-contrast=\"none\">\u00a0z \u017cyciem Papie\u017ca Polaka i\u00a0<\/span><span data-contrast=\"none\">wyra\u017caj\u0105<\/span><span data-contrast=\"none\">\u00a0Jego\u00a0<\/span><span data-contrast=\"none\">postaw\u0119<\/span><span data-contrast=\"none\">\u00a0wobec Boga<\/span><span data-contrast=\"none\">\u00a0\u00a0\u00a0<\/span><span data-contrast=\"none\">i Maryi, a<\/span><span data-contrast=\"none\">\u00a0w\u00a0<\/span><span data-contrast=\"none\">konsekwencji do cz\u0142owieka i ca\u0142ego \u015bwiata. My\u00a0<\/span><span data-contrast=\"none\">te\u017c<\/span><span data-contrast=\"none\">\u00a0powinni\u015bmy\u00a0<\/span><span data-contrast=\"none\">stara\u0107 si\u0119 powierza\u0107 swoje \u017cycie Bogu i Matce\u00a0<\/span><span data-contrast=\"none\">Naj\u015bwi\u0119tszej<\/span><span data-contrast=\"none\">. Musimy odpowiedzie\u0107 sobie: Czy Matka Boga jest Matk<\/span><span data-contrast=\"none\">\u0105<\/span><span data-contrast=\"none\">\u00a0mojej codzienno\u015bci<\/span><span data-contrast=\"none\">?<\/span><span data-contrast=\"none\">\u00a0Czy umiem tak jak nasz \u015awi\u0119ty Papie\u017c by\u0107\u00a0<\/span><span data-contrast=\"none\">d<\/span><span data-contrast=\"none\">zieckiem\u00a0<\/span><span data-contrast=\"none\">Boga<\/span><span data-contrast=\"none\">\u00a0i\u00a0<\/span><span data-contrast=\"none\">Maryi<\/span><span data-contrast=\"none\">?<\/span><\/p>\n","protected":false},"excerpt":{"rendered":"<p>11 pa\u017adziernika\u00a02020 r.\u00a0obchodzili\u015bmy XX Dzie\u0144 Papieski. W naszej szkole z okazji XX Dnia Papieskiego odby\u0142y si\u0119 katechezy\u00a0po\u015bwi\u0119cone \u015awi\u0119temu\u00a0Papie\u017cowi\u00a0Janowi Paw\u0142owi II\u00a0i Jego wezwaniu\u00a0?Totus\u00a0Tuus?.\u00a0Na\u00a0korytarzu szkolnym powsta\u0142a gazetka okoliczno\u015bciowa upami\u0119tniaj\u0105ca\u00a0ten dzie\u0144. Uczniowie i rodzice klasy III, kt\u00f3ra w tym roku przyj\u0119\u0142a I\u00a0Komuni\u0119 \u015awi\u0119t\u0105,\u00a0przygotowali\u00a0opraw\u0119\u00a0liturgii <span class=\"excerpt-dots\">&hellip;<\/span> <a class=\"more-link\" href=\"https:\/\/www.sptomice.pl\/index.php\/2020\/10\/12\/xx-dzien-papieski\/\"><span class=\"more-msg\">Czytaj dalej &rarr;<\/span><\/a><\/p>\n","protected":false},"author":1,"featured_media":0,"comment_status":"closed","ping_status":"closed","sticky":false,"template":"","format":"standard","meta":{"_jetpack_memberships_contains_paid_content":false,"footnotes":""},"categories":[1,28],"tags":[],"class_list":["post-4275","post","type-post","status-publish","format-standard","hentry","category-bez-kategorii","category-religia"],"jetpack_featured_media_url":"","jetpack_sharing_enabled":true,"_links":{"self":[{"href":"https:\/\/www.sptomice.pl\/index.php\/wp-json\/wp\/v2\/posts\/4275","targetHints":{"allow":["GET"]}}],"collection":[{"href":"https:\/\/www.sptomice.pl\/index.php\/wp-json\/wp\/v2\/posts"}],"about":[{"href":"https:\/\/www.sptomice.pl\/index.php\/wp-json\/wp\/v2\/types\/post"}],"author":[{"embeddable":true,"href":"https:\/\/www.sptomice.pl\/index.php\/wp-json\/wp\/v2\/users\/1"}],"replies":[{"embeddable":true,"href":"https:\/\/www.sptomice.pl\/index.php\/wp-json\/wp\/v2\/comments?post=4275"}],"version-history":[{"count":2,"href":"https:\/\/www.sptomice.pl\/index.php\/wp-json\/wp\/v2\/posts\/4275\/revisions"}],"predecessor-version":[{"id":4277,"href":"https:\/\/www.sptomice.pl\/index.php\/wp-json\/wp\/v2\/posts\/4275\/revisions\/4277"}],"wp:attachment":[{"href":"https:\/\/www.sptomice.pl\/index.php\/wp-json\/wp\/v2\/media?parent=4275"}],"wp:term":[{"taxonomy":"category","embeddable":true,"href":"https:\/\/www.sptomice.pl\/index.php\/wp-json\/wp\/v2\/categories?post=4275"},{"taxonomy":"post_tag","embeddable":true,"href":"https:\/\/www.sptomice.pl\/index.php\/wp-json\/wp\/v2\/tags?post=4275"}],"curies":[{"name":"wp","href":"https:\/\/api.w.org\/{rel}","templated":true}]}}